{"id":38210,"date":"2021-04-19T09:34:09","date_gmt":"2021-04-19T07:34:09","guid":{"rendered":"https:\/\/preprod.itineris-building.fr\/promoteur\/?p=38210"},"modified":"2021-04-19T09:35:32","modified_gmt":"2021-04-19T07:35:32","slug":"lannee-2018-confirme-clairement-la-dynamique-interview-philippe-vigneron","status":"publish","type":"post","link":"https:\/\/preprod.itineris-building.fr\/promoteur\/lannee-2018-confirme-clairement-la-dynamique-interview-philippe-vigneron\/","title":{"rendered":"\u00ab L\u2019ann\u00e9e 2018 confirme clairement la dynamique ! \u00bb  Interview Philippe Vigneron"},"content":{"rendered":"\t\t<div data-elementor-type=\"wp-post\" data-elementor-id=\"38210\" class=\"elementor elementor-38210\">\n\t\t\t\t\t\t<section class=\"elementor-section elementor-top-section elementor-element elementor-element-61d66e1a elementor-section-boxed elementor-section-height-default elementor-section-height-default\" data-id=\"61d66e1a\" data-element_type=\"section\" data-e-type=\"section\">\n\t\t\t\t\t\t<div class=\"elementor-container elementor-column-gap-default\">\n\t\t\t\t\t<div class=\"elementor-column elementor-col-100 elementor-top-column elementor-element elementor-element-17d3d4f2\" data-id=\"17d3d4f2\" data-element_type=\"column\" data-e-type=\"column\">\n\t\t\t<div class=\"elementor-widget-wrap elementor-element-populated\">\n\t\t\t\t\t\t<div class=\"elementor-element elementor-element-301f6b71 elementor-widget elementor-widget-text-editor\" data-id=\"301f6b71\" data-element_type=\"widget\" data-e-type=\"widget\" data-widget_type=\"text-editor.default\">\n\t\t\t\t<div class=\"elementor-widget-container\">\n\t\t\t\t\t\t\t\t\t<p><em>(Article Info Magazine du 11 juin 2018)<\/em><\/p>\t\t\t\t\t\t\t\t<\/div>\n\t\t\t\t<\/div>\n\t\t\t\t<div class=\"elementor-element elementor-element-f852f28 elementor-widget elementor-widget-text-editor\" data-id=\"f852f28\" data-element_type=\"widget\" data-e-type=\"widget\" data-widget_type=\"text-editor.default\">\n\t\t\t\t<div class=\"elementor-widget-container\">\n\t\t\t\t\t\t\t\t\t<p>T\u00e9l\u00e9charger l&rsquo;article :<\/p><p><a href=\"https:\/\/preprod.itineris-building.fr\/promoteur\/wp-content\/uploads\/2021\/04\/Lannee-2018-confirme-clairement-la-dynamique-.pdf\" target=\"_blank\" rel=\"noopener\">\u00ab L\u2019ann\u00e9e 2018 confirme clairement la dynamique ! \u00bb<\/a><\/p>\t\t\t\t\t\t\t\t<\/div>\n\t\t\t\t<\/div>\n\t\t\t\t\t<\/div>\n\t\t<\/div>\n\t\t\t\t\t<\/div>\n\t\t<\/section>\n\t\t\t\t<\/div>\n\t\t","protected":false},"excerpt":{"rendered":"<p>(Article Info Magazine du 11 juin 2018) T\u00e9l\u00e9charger l&rsquo;article : \u00ab L\u2019ann\u00e9e 2018 confirme clairement la dynamique ! \u00bb<\/p>\n","protected":false},"author":14,"featured_media":31802,"comment_status":"closed","ping_status":"open","sticky":false,"template":"","format":"standard","meta":{"footnotes":""},"categories":[573],"tags":[],"class_list":["post-38210","post","type-post","status-publish","format-standard","has-post-thumbnail","hentry","category-immobilier"],"yoast_head":"<!-- This site is optimized with the Yoast SEO plugin v28.1 - https:\/\/yoast.com\/product\/yoast-seo-wordpress\/ -->\n<title>\u00ab L\u2019ann\u00e9e 2018 confirme clairement la dynamique ! \u00bb Interview Philippe Vigneron - Itineris Building - Promoteur<\/title>\n<meta name=\"description\" content=\"Philippe Vigneron fait le point sur l&#039;activit\u00e9 immobili\u00e8re auvergnate au premier trimestre 2012. Comment se porte la promotion immobili\u00e8re dans l&#039;agglom\u00e9ration clermontoise ?\" \/>\n<meta name=\"robots\" content=\"noindex, follow, max-snippet:-1, max-image-preview:large, max-video-preview:-1\" \/>\n<meta property=\"og:locale\" content=\"fr_FR\" \/>\n<meta property=\"og:type\" content=\"article\" \/>\n<meta property=\"og:title\" content=\"\u00ab L\u2019ann\u00e9e 2018 confirme clairement la dynamique ! \u00bb Interview Philippe Vigneron - Itineris Building - Promoteur\" \/>\n<meta property=\"og:description\" content=\"Philippe Vigneron fait le point sur l&#039;activit\u00e9 immobili\u00e8re auvergnate au premier trimestre 2012. Comment se porte la promotion immobili\u00e8re dans l&#039;agglom\u00e9ration clermontoise ?\" \/>\n<meta property=\"og:url\" content=\"https:\/\/preprod.itineris-building.fr\/promoteur\/lannee-2018-confirme-clairement-la-dynamique-interview-philippe-vigneron\/\" \/>\n<meta property=\"og:site_name\" content=\"Itineris Building - Promoteur\" \/>\n<meta property=\"article:published_time\" content=\"2021-04-19T07:34:09+00:00\" \/>\n<meta property=\"article:modified_time\" content=\"2021-04-19T07:35:32+00:00\" \/>\n<meta property=\"og:image\" content=\"https:\/\/preprod.itineris-building.fr\/promoteur\/wp-content\/uploads\/2020\/01\/Vign-22062012.jpg\" \/>\n\t<meta property=\"og:image:width\" content=\"100\" \/>\n\t<meta property=\"og:image:height\" content=\"67\" \/>\n\t<meta property=\"og:image:type\" content=\"image\/jpeg\" \/>\n<meta name=\"author\" content=\"admin_blizz_editeur\" \/>\n<meta name=\"twitter:card\" content=\"summary_large_image\" \/>\n<meta name=\"twitter:label1\" content=\"\u00c9crit par\" \/>\n\t<meta name=\"twitter:data1\" content=\"admin_blizz_editeur\" \/>\n<script type=\"application\/ld+json\" class=\"yoast-schema-graph\">{\"@context\":\"https:\\\/\\\/schema.org\",\"@graph\":[{\"@type\":\"Article\",\"@id\":\"https:\\\/\\\/preprod.itineris-building.fr\\\/promoteur\\\/lannee-2018-confirme-clairement-la-dynamique-interview-philippe-vigneron\\\/#article\",\"isPartOf\":{\"@id\":\"https:\\\/\\\/preprod.itineris-building.fr\\\/promoteur\\\/lannee-2018-confirme-clairement-la-dynamique-interview-philippe-vigneron\\\/\"},\"author\":{\"name\":\"admin_blizz_editeur\",\"@id\":\"https:\\\/\\\/preprod.itineris-building.fr\\\/promoteur\\\/#\\\/schema\\\/person\\\/d8785ec80c723ee4cdde0baecb965894\"},\"headline\":\"\u00ab L\u2019ann\u00e9e 2018 confirme clairement la dynamique ! \u00bb Interview Philippe Vigneron\",\"datePublished\":\"2021-04-19T07:34:09+00:00\",\"dateModified\":\"2021-04-19T07:35:32+00:00\",\"mainEntityOfPage\":{\"@id\":\"https:\\\/\\\/preprod.itineris-building.fr\\\/promoteur\\\/lannee-2018-confirme-clairement-la-dynamique-interview-philippe-vigneron\\\/\"},\"wordCount\":27,\"image\":{\"@id\":\"https:\\\/\\\/preprod.itineris-building.fr\\\/promoteur\\\/lannee-2018-confirme-clairement-la-dynamique-interview-philippe-vigneron\\\/#primaryimage\"},\"thumbnailUrl\":\"https:\\\/\\\/preprod.itineris-building.fr\\\/promoteur\\\/wp-content\\\/uploads\\\/2020\\\/01\\\/Vign-22062012.jpg\",\"articleSection\":[\"Immobilier\"],\"inLanguage\":\"fr-FR\"},{\"@type\":\"WebPage\",\"@id\":\"https:\\\/\\\/preprod.itineris-building.fr\\\/promoteur\\\/lannee-2018-confirme-clairement-la-dynamique-interview-philippe-vigneron\\\/\",\"url\":\"https:\\\/\\\/preprod.itineris-building.fr\\\/promoteur\\\/lannee-2018-confirme-clairement-la-dynamique-interview-philippe-vigneron\\\/\",\"name\":\"\u00ab L\u2019ann\u00e9e 2018 confirme clairement la dynamique ! \u00bb Interview Philippe Vigneron - Itineris Building - Promoteur\",\"isPartOf\":{\"@id\":\"https:\\\/\\\/preprod.itineris-building.fr\\\/promoteur\\\/#website\"},\"primaryImageOfPage\":{\"@id\":\"https:\\\/\\\/preprod.itineris-building.fr\\\/promoteur\\\/lannee-2018-confirme-clairement-la-dynamique-interview-philippe-vigneron\\\/#primaryimage\"},\"image\":{\"@id\":\"https:\\\/\\\/preprod.itineris-building.fr\\\/promoteur\\\/lannee-2018-confirme-clairement-la-dynamique-interview-philippe-vigneron\\\/#primaryimage\"},\"thumbnailUrl\":\"https:\\\/\\\/preprod.itineris-building.fr\\\/promoteur\\\/wp-content\\\/uploads\\\/2020\\\/01\\\/Vign-22062012.jpg\",\"datePublished\":\"2021-04-19T07:34:09+00:00\",\"dateModified\":\"2021-04-19T07:35:32+00:00\",\"author\":{\"@id\":\"https:\\\/\\\/preprod.itineris-building.fr\\\/promoteur\\\/#\\\/schema\\\/person\\\/d8785ec80c723ee4cdde0baecb965894\"},\"description\":\"Philippe Vigneron fait le point sur l'activit\u00e9 immobili\u00e8re auvergnate au premier trimestre 2012. Comment se porte la promotion immobili\u00e8re dans l'agglom\u00e9ration clermontoise ?\",\"inLanguage\":\"fr-FR\",\"potentialAction\":[{\"@type\":\"ReadAction\",\"target\":[\"https:\\\/\\\/preprod.itineris-building.fr\\\/promoteur\\\/lannee-2018-confirme-clairement-la-dynamique-interview-philippe-vigneron\\\/\"]}]},{\"@type\":\"ImageObject\",\"inLanguage\":\"fr-FR\",\"@id\":\"https:\\\/\\\/preprod.itineris-building.fr\\\/promoteur\\\/lannee-2018-confirme-clairement-la-dynamique-interview-philippe-vigneron\\\/#primaryimage\",\"url\":\"https:\\\/\\\/preprod.itineris-building.fr\\\/promoteur\\\/wp-content\\\/uploads\\\/2020\\\/01\\\/Vign-22062012.jpg\",\"contentUrl\":\"https:\\\/\\\/preprod.itineris-building.fr\\\/promoteur\\\/wp-content\\\/uploads\\\/2020\\\/01\\\/Vign-22062012.jpg\",\"width\":100,\"height\":67,\"caption\":\"Auvergne \u00ab Un volume d\u2019activit\u00e9 modeste \u00bb\"},{\"@type\":\"WebSite\",\"@id\":\"https:\\\/\\\/preprod.itineris-building.fr\\\/promoteur\\\/#website\",\"url\":\"https:\\\/\\\/preprod.itineris-building.fr\\\/promoteur\\\/\",\"name\":\"Itineris Building - Promoteur\",\"description\":\"Un site utilisant WordPress\",\"potentialAction\":[{\"@type\":\"SearchAction\",\"target\":{\"@type\":\"EntryPoint\",\"urlTemplate\":\"https:\\\/\\\/preprod.itineris-building.fr\\\/promoteur\\\/?s={search_term_string}\"},\"query-input\":{\"@type\":\"PropertyValueSpecification\",\"valueRequired\":true,\"valueName\":\"search_term_string\"}}],\"inLanguage\":\"fr-FR\"},{\"@type\":\"Person\",\"@id\":\"https:\\\/\\\/preprod.itineris-building.fr\\\/promoteur\\\/#\\\/schema\\\/person\\\/d8785ec80c723ee4cdde0baecb965894\",\"name\":\"admin_blizz_editeur\",\"image\":{\"@type\":\"ImageObject\",\"inLanguage\":\"fr-FR\",\"@id\":\"https:\\\/\\\/secure.gravatar.com\\\/avatar\\\/87924606b4131a8aceeeae8868531fbb9712aaa07a5d3a756b26ce0f5d6ca674?s=96&d=mm&r=g\",\"url\":\"https:\\\/\\\/secure.gravatar.com\\\/avatar\\\/87924606b4131a8aceeeae8868531fbb9712aaa07a5d3a756b26ce0f5d6ca674?s=96&d=mm&r=g\",\"contentUrl\":\"https:\\\/\\\/secure.gravatar.com\\\/avatar\\\/87924606b4131a8aceeeae8868531fbb9712aaa07a5d3a756b26ce0f5d6ca674?s=96&d=mm&r=g\",\"caption\":\"admin_blizz_editeur\"},\"url\":\"https:\\\/\\\/preprod.itineris-building.fr\\\/promoteur\\\/author\\\/admin_blizz_editeur\\\/\"}]}<\/script>\n<!-- \/ Yoast SEO plugin. -->","yoast_head_json":{"title":"\u00ab L\u2019ann\u00e9e 2018 confirme clairement la dynamique ! \u00bb Interview Philippe Vigneron - Itineris Building - Promoteur","description":"Philippe Vigneron fait le point sur l'activit\u00e9 immobili\u00e8re auvergnate au premier trimestre 2012. Comment se porte la promotion immobili\u00e8re dans l'agglom\u00e9ration clermontoise ?","robots":{"index":"noindex","follow":"follow","max-snippet":"max-snippet:-1","max-image-preview":"max-image-preview:large","max-video-preview":"max-video-preview:-1"},"og_locale":"fr_FR","og_type":"article","og_title":"\u00ab L\u2019ann\u00e9e 2018 confirme clairement la dynamique ! \u00bb Interview Philippe Vigneron - Itineris Building - Promoteur","og_description":"Philippe Vigneron fait le point sur l'activit\u00e9 immobili\u00e8re auvergnate au premier trimestre 2012. Comment se porte la promotion immobili\u00e8re dans l'agglom\u00e9ration clermontoise ?","og_url":"https:\/\/preprod.itineris-building.fr\/promoteur\/lannee-2018-confirme-clairement-la-dynamique-interview-philippe-vigneron\/","og_site_name":"Itineris Building - Promoteur","article_published_time":"2021-04-19T07:34:09+00:00","article_modified_time":"2021-04-19T07:35:32+00:00","og_image":[{"width":100,"height":67,"url":"https:\/\/preprod.itineris-building.fr\/promoteur\/wp-content\/uploads\/2020\/01\/Vign-22062012.jpg","type":"image\/jpeg"}],"author":"admin_blizz_editeur","twitter_card":"summary_large_image","twitter_misc":{"\u00c9crit par":"admin_blizz_editeur"},"schema":{"@context":"https:\/\/schema.org","@graph":[{"@type":"Article","@id":"https:\/\/preprod.itineris-building.fr\/promoteur\/lannee-2018-confirme-clairement-la-dynamique-interview-philippe-vigneron\/#article","isPartOf":{"@id":"https:\/\/preprod.itineris-building.fr\/promoteur\/lannee-2018-confirme-clairement-la-dynamique-interview-philippe-vigneron\/"},"author":{"name":"admin_blizz_editeur","@id":"https:\/\/preprod.itineris-building.fr\/promoteur\/#\/schema\/person\/d8785ec80c723ee4cdde0baecb965894"},"headline":"\u00ab L\u2019ann\u00e9e 2018 confirme clairement la dynamique ! \u00bb Interview Philippe Vigneron","datePublished":"2021-04-19T07:34:09+00:00","dateModified":"2021-04-19T07:35:32+00:00","mainEntityOfPage":{"@id":"https:\/\/preprod.itineris-building.fr\/promoteur\/lannee-2018-confirme-clairement-la-dynamique-interview-philippe-vigneron\/"},"wordCount":27,"image":{"@id":"https:\/\/preprod.itineris-building.fr\/promoteur\/lannee-2018-confirme-clairement-la-dynamique-interview-philippe-vigneron\/#primaryimage"},"thumbnailUrl":"https:\/\/preprod.itineris-building.fr\/promoteur\/wp-content\/uploads\/2020\/01\/Vign-22062012.jpg","articleSection":["Immobilier"],"inLanguage":"fr-FR"},{"@type":"WebPage","@id":"https:\/\/preprod.itineris-building.fr\/promoteur\/lannee-2018-confirme-clairement-la-dynamique-interview-philippe-vigneron\/","url":"https:\/\/preprod.itineris-building.fr\/promoteur\/lannee-2018-confirme-clairement-la-dynamique-interview-philippe-vigneron\/","name":"\u00ab L\u2019ann\u00e9e 2018 confirme clairement la dynamique ! \u00bb Interview Philippe Vigneron - Itineris Building - Promoteur","isPartOf":{"@id":"https:\/\/preprod.itineris-building.fr\/promoteur\/#website"},"primaryImageOfPage":{"@id":"https:\/\/preprod.itineris-building.fr\/promoteur\/lannee-2018-confirme-clairement-la-dynamique-interview-philippe-vigneron\/#primaryimage"},"image":{"@id":"https:\/\/preprod.itineris-building.fr\/promoteur\/lannee-2018-confirme-clairement-la-dynamique-interview-philippe-vigneron\/#primaryimage"},"thumbnailUrl":"https:\/\/preprod.itineris-building.fr\/promoteur\/wp-content\/uploads\/2020\/01\/Vign-22062012.jpg","datePublished":"2021-04-19T07:34:09+00:00","dateModified":"2021-04-19T07:35:32+00:00","author":{"@id":"https:\/\/preprod.itineris-building.fr\/promoteur\/#\/schema\/person\/d8785ec80c723ee4cdde0baecb965894"},"description":"Philippe Vigneron fait le point sur l'activit\u00e9 immobili\u00e8re auvergnate au premier trimestre 2012. Comment se porte la promotion immobili\u00e8re dans l'agglom\u00e9ration clermontoise ?","inLanguage":"fr-FR","potentialAction":[{"@type":"ReadAction","target":["https:\/\/preprod.itineris-building.fr\/promoteur\/lannee-2018-confirme-clairement-la-dynamique-interview-philippe-vigneron\/"]}]},{"@type":"ImageObject","inLanguage":"fr-FR","@id":"https:\/\/preprod.itineris-building.fr\/promoteur\/lannee-2018-confirme-clairement-la-dynamique-interview-philippe-vigneron\/#primaryimage","url":"https:\/\/preprod.itineris-building.fr\/promoteur\/wp-content\/uploads\/2020\/01\/Vign-22062012.jpg","contentUrl":"https:\/\/preprod.itineris-building.fr\/promoteur\/wp-content\/uploads\/2020\/01\/Vign-22062012.jpg","width":100,"height":67,"caption":"Auvergne \u00ab Un volume d\u2019activit\u00e9 modeste \u00bb"},{"@type":"WebSite","@id":"https:\/\/preprod.itineris-building.fr\/promoteur\/#website","url":"https:\/\/preprod.itineris-building.fr\/promoteur\/","name":"Itineris Building - Promoteur","description":"Un site utilisant WordPress","potentialAction":[{"@type":"SearchAction","target":{"@type":"EntryPoint","urlTemplate":"https:\/\/preprod.itineris-building.fr\/promoteur\/?s={search_term_string}"},"query-input":{"@type":"PropertyValueSpecification","valueRequired":true,"valueName":"search_term_string"}}],"inLanguage":"fr-FR"},{"@type":"Person","@id":"https:\/\/preprod.itineris-building.fr\/promoteur\/#\/schema\/person\/d8785ec80c723ee4cdde0baecb965894","name":"admin_blizz_editeur","image":{"@type":"ImageObject","inLanguage":"fr-FR","@id":"https:\/\/secure.gravatar.com\/avatar\/87924606b4131a8aceeeae8868531fbb9712aaa07a5d3a756b26ce0f5d6ca674?s=96&d=mm&r=g","url":"https:\/\/secure.gravatar.com\/avatar\/87924606b4131a8aceeeae8868531fbb9712aaa07a5d3a756b26ce0f5d6ca674?s=96&d=mm&r=g","contentUrl":"https:\/\/secure.gravatar.com\/avatar\/87924606b4131a8aceeeae8868531fbb9712aaa07a5d3a756b26ce0f5d6ca674?s=96&d=mm&r=g","caption":"admin_blizz_editeur"},"url":"https:\/\/preprod.itineris-building.fr\/promoteur\/author\/admin_blizz_editeur\/"}]}},"_links":{"self":[{"href":"https:\/\/preprod.itineris-building.fr\/promoteur\/wp-json\/wp\/v2\/posts\/38210","targetHints":{"allow":["GET"]}}],"collection":[{"href":"https:\/\/preprod.itineris-building.fr\/promoteur\/wp-json\/wp\/v2\/posts"}],"about":[{"href":"https:\/\/preprod.itineris-building.fr\/promoteur\/wp-json\/wp\/v2\/types\/post"}],"author":[{"embeddable":true,"href":"https:\/\/preprod.itineris-building.fr\/promoteur\/wp-json\/wp\/v2\/users\/14"}],"replies":[{"embeddable":true,"href":"https:\/\/preprod.itineris-building.fr\/promoteur\/wp-json\/wp\/v2\/comments?post=38210"}],"version-history":[{"count":4,"href":"https:\/\/preprod.itineris-building.fr\/promoteur\/wp-json\/wp\/v2\/posts\/38210\/revisions"}],"predecessor-version":[{"id":38217,"href":"https:\/\/preprod.itineris-building.fr\/promoteur\/wp-json\/wp\/v2\/posts\/38210\/revisions\/38217"}],"wp:featuredmedia":[{"embeddable":true,"href":"https:\/\/preprod.itineris-building.fr\/promoteur\/wp-json\/wp\/v2\/media\/31802"}],"wp:attachment":[{"href":"https:\/\/preprod.itineris-building.fr\/promoteur\/wp-json\/wp\/v2\/media?parent=38210"}],"wp:term":[{"taxonomy":"category","embeddable":true,"href":"https:\/\/preprod.itineris-building.fr\/promoteur\/wp-json\/wp\/v2\/categories?post=38210"},{"taxonomy":"post_tag","embeddable":true,"href":"https:\/\/preprod.itineris-building.fr\/promoteur\/wp-json\/wp\/v2\/tags?post=38210"}],"curies":[{"name":"wp","href":"https:\/\/api.w.org\/{rel}","templated":true}]}}