{"id":31779,"date":"2020-01-16T15:01:09","date_gmt":"2020-01-16T14:01:09","guid":{"rendered":"https:\/\/preprod.itineris-building.fr\/promoteur\/?p=31779"},"modified":"2021-01-14T10:34:59","modified_gmt":"2021-01-14T09:34:59","slug":"salon-habitat-4-questions-philippe-vigneron","status":"publish","type":"post","link":"https:\/\/preprod.itineris-building.fr\/promoteur\/salon-habitat-4-questions-philippe-vigneron\/","title":{"rendered":"Salon de l\u2019Habitat \u2013 4 questions \u00e0 Philippe VIGNERON"},"content":{"rendered":"\n<p class=\"wp-block-paragraph\"><em>(Article La Montagne \u2013 28\/02\/2012)<\/em> <\/p>\n\n\n<p>T\u00e9l\u00e9charger l&rsquo;article : <a href=\"https:\/\/preprod.itineris-building.fr\/promoteur\/wp-content\/uploads\/2020\/01\/copieur@orange.fr_20120313_110116.pdf\" target=\"_blank\" rel=\"noopener noreferrer\">Salon de l\u2019Habitat \u2013 4 questions \u00e0 Philippe VIGNERON<\/a><\/p>\n\n\n<p class=\"wp-block-paragraph\"><\/p>\n","protected":false},"excerpt":{"rendered":"<p>(Article La Montagne \u2013 28\/02\/2012) T\u00e9l\u00e9charger l&rsquo;article : Salon de l\u2019Habitat \u2013 4 questions \u00e0 Philippe VIGNERON<\/p>\n","protected":false},"author":1,"featured_media":31783,"comment_status":"closed","ping_status":"open","sticky":false,"template":"","format":"standard","meta":{"footnotes":""},"categories":[573],"tags":[],"class_list":["post-31779","post","type-post","status-publish","format-standard","has-post-thumbnail","hentry","category-immobilier"],"yoast_head":"<!-- This site is optimized with the Yoast SEO plugin v28.1 - https:\/\/yoast.com\/product\/yoast-seo-wordpress\/ -->\n<title>Salon de l\u2019Habitat \u2013 4 questions \u00e0 Philippe VIGNERON - Itineris Building - Promoteur<\/title>\n<meta name=\"description\" content=\"Quatre questions \u00e0 : Philippe Vigneron. Pr\u00e9sident r\u00e9gional de la F\u00e9d\u00e9ration des Promoteurs Immobiliers.\" \/>\n<meta name=\"robots\" content=\"noindex, follow, max-snippet:-1, max-image-preview:large, max-video-preview:-1\" \/>\n<meta property=\"og:locale\" content=\"fr_FR\" \/>\n<meta property=\"og:type\" content=\"article\" \/>\n<meta property=\"og:title\" content=\"Salon de l\u2019Habitat \u2013 4 questions \u00e0 Philippe VIGNERON - Itineris Building - Promoteur\" \/>\n<meta property=\"og:description\" content=\"Quatre questions \u00e0 : Philippe Vigneron. Pr\u00e9sident r\u00e9gional de la F\u00e9d\u00e9ration des Promoteurs Immobiliers.\" \/>\n<meta property=\"og:url\" content=\"https:\/\/preprod.itineris-building.fr\/promoteur\/salon-habitat-4-questions-philippe-vigneron\/\" \/>\n<meta property=\"og:site_name\" content=\"Itineris Building - Promoteur\" \/>\n<meta property=\"article:published_time\" content=\"2020-01-16T14:01:09+00:00\" \/>\n<meta property=\"article:modified_time\" content=\"2021-01-14T09:34:59+00:00\" \/>\n<meta property=\"og:image\" content=\"https:\/\/preprod.itineris-building.fr\/promoteur\/wp-content\/uploads\/2020\/01\/Vignet-28022012.jpg\" \/>\n\t<meta property=\"og:image:width\" content=\"100\" \/>\n\t<meta property=\"og:image:height\" content=\"55\" \/>\n\t<meta property=\"og:image:type\" content=\"image\/jpeg\" \/>\n<meta name=\"author\" content=\"admin_blizz\" \/>\n<meta name=\"twitter:card\" content=\"summary_large_image\" \/>\n<meta name=\"twitter:label1\" content=\"\u00c9crit par\" \/>\n\t<meta name=\"twitter:data1\" content=\"admin_blizz\" \/>\n<script type=\"application\/ld+json\" class=\"yoast-schema-graph\">{\"@context\":\"https:\\\/\\\/schema.org\",\"@graph\":[{\"@type\":\"Article\",\"@id\":\"https:\\\/\\\/preprod.itineris-building.fr\\\/promoteur\\\/salon-habitat-4-questions-philippe-vigneron\\\/#article\",\"isPartOf\":{\"@id\":\"https:\\\/\\\/preprod.itineris-building.fr\\\/promoteur\\\/salon-habitat-4-questions-philippe-vigneron\\\/\"},\"author\":{\"name\":\"admin_blizz\",\"@id\":\"https:\\\/\\\/preprod.itineris-building.fr\\\/promoteur\\\/#\\\/schema\\\/person\\\/1f8b07064ed3b6d358644d316c750a78\"},\"headline\":\"Salon de l\u2019Habitat \u2013 4 questions \u00e0 Philippe VIGNERON\",\"datePublished\":\"2020-01-16T14:01:09+00:00\",\"dateModified\":\"2021-01-14T09:34:59+00:00\",\"mainEntityOfPage\":{\"@id\":\"https:\\\/\\\/preprod.itineris-building.fr\\\/promoteur\\\/salon-habitat-4-questions-philippe-vigneron\\\/\"},\"wordCount\":22,\"image\":{\"@id\":\"https:\\\/\\\/preprod.itineris-building.fr\\\/promoteur\\\/salon-habitat-4-questions-philippe-vigneron\\\/#primaryimage\"},\"thumbnailUrl\":\"https:\\\/\\\/preprod.itineris-building.fr\\\/promoteur\\\/wp-content\\\/uploads\\\/2020\\\/01\\\/Vignet-28022012.jpg\",\"articleSection\":[\"Immobilier\"],\"inLanguage\":\"fr-FR\"},{\"@type\":\"WebPage\",\"@id\":\"https:\\\/\\\/preprod.itineris-building.fr\\\/promoteur\\\/salon-habitat-4-questions-philippe-vigneron\\\/\",\"url\":\"https:\\\/\\\/preprod.itineris-building.fr\\\/promoteur\\\/salon-habitat-4-questions-philippe-vigneron\\\/\",\"name\":\"Salon de l\u2019Habitat \u2013 4 questions \u00e0 Philippe VIGNERON - Itineris Building - Promoteur\",\"isPartOf\":{\"@id\":\"https:\\\/\\\/preprod.itineris-building.fr\\\/promoteur\\\/#website\"},\"primaryImageOfPage\":{\"@id\":\"https:\\\/\\\/preprod.itineris-building.fr\\\/promoteur\\\/salon-habitat-4-questions-philippe-vigneron\\\/#primaryimage\"},\"image\":{\"@id\":\"https:\\\/\\\/preprod.itineris-building.fr\\\/promoteur\\\/salon-habitat-4-questions-philippe-vigneron\\\/#primaryimage\"},\"thumbnailUrl\":\"https:\\\/\\\/preprod.itineris-building.fr\\\/promoteur\\\/wp-content\\\/uploads\\\/2020\\\/01\\\/Vignet-28022012.jpg\",\"datePublished\":\"2020-01-16T14:01:09+00:00\",\"dateModified\":\"2021-01-14T09:34:59+00:00\",\"author\":{\"@id\":\"https:\\\/\\\/preprod.itineris-building.fr\\\/promoteur\\\/#\\\/schema\\\/person\\\/1f8b07064ed3b6d358644d316c750a78\"},\"description\":\"Quatre questions \u00e0 : Philippe Vigneron. Pr\u00e9sident r\u00e9gional de la F\u00e9d\u00e9ration des Promoteurs Immobiliers.\",\"inLanguage\":\"fr-FR\",\"potentialAction\":[{\"@type\":\"ReadAction\",\"target\":[\"https:\\\/\\\/preprod.itineris-building.fr\\\/promoteur\\\/salon-habitat-4-questions-philippe-vigneron\\\/\"]}]},{\"@type\":\"ImageObject\",\"inLanguage\":\"fr-FR\",\"@id\":\"https:\\\/\\\/preprod.itineris-building.fr\\\/promoteur\\\/salon-habitat-4-questions-philippe-vigneron\\\/#primaryimage\",\"url\":\"https:\\\/\\\/preprod.itineris-building.fr\\\/promoteur\\\/wp-content\\\/uploads\\\/2020\\\/01\\\/Vignet-28022012.jpg\",\"contentUrl\":\"https:\\\/\\\/preprod.itineris-building.fr\\\/promoteur\\\/wp-content\\\/uploads\\\/2020\\\/01\\\/Vignet-28022012.jpg\",\"width\":100,\"height\":55,\"caption\":\"Salon de l\u2019Habitat \u2013 4 questions \u00e0 Philippe VIGNERON\"},{\"@type\":\"WebSite\",\"@id\":\"https:\\\/\\\/preprod.itineris-building.fr\\\/promoteur\\\/#website\",\"url\":\"https:\\\/\\\/preprod.itineris-building.fr\\\/promoteur\\\/\",\"name\":\"Itineris Building - Promoteur\",\"description\":\"Un site utilisant WordPress\",\"potentialAction\":[{\"@type\":\"SearchAction\",\"target\":{\"@type\":\"EntryPoint\",\"urlTemplate\":\"https:\\\/\\\/preprod.itineris-building.fr\\\/promoteur\\\/?s={search_term_string}\"},\"query-input\":{\"@type\":\"PropertyValueSpecification\",\"valueRequired\":true,\"valueName\":\"search_term_string\"}}],\"inLanguage\":\"fr-FR\"},{\"@type\":\"Person\",\"@id\":\"https:\\\/\\\/preprod.itineris-building.fr\\\/promoteur\\\/#\\\/schema\\\/person\\\/1f8b07064ed3b6d358644d316c750a78\",\"name\":\"admin_blizz\",\"image\":{\"@type\":\"ImageObject\",\"inLanguage\":\"fr-FR\",\"@id\":\"https:\\\/\\\/secure.gravatar.com\\\/avatar\\\/4e75ec81c72ecdd95e6a67c2539ab7c4d4e13ff118be5587fff822588604d1eb?s=96&d=mm&r=g\",\"url\":\"https:\\\/\\\/secure.gravatar.com\\\/avatar\\\/4e75ec81c72ecdd95e6a67c2539ab7c4d4e13ff118be5587fff822588604d1eb?s=96&d=mm&r=g\",\"contentUrl\":\"https:\\\/\\\/secure.gravatar.com\\\/avatar\\\/4e75ec81c72ecdd95e6a67c2539ab7c4d4e13ff118be5587fff822588604d1eb?s=96&d=mm&r=g\",\"caption\":\"admin_blizz\"},\"url\":\"https:\\\/\\\/preprod.itineris-building.fr\\\/promoteur\\\/author\\\/admin_blizz\\\/\"}]}<\/script>\n<!-- \/ Yoast SEO plugin. -->","yoast_head_json":{"title":"Salon de l\u2019Habitat \u2013 4 questions \u00e0 Philippe VIGNERON - Itineris Building - Promoteur","description":"Quatre questions \u00e0 : Philippe Vigneron. Pr\u00e9sident r\u00e9gional de la F\u00e9d\u00e9ration des Promoteurs Immobiliers.","robots":{"index":"noindex","follow":"follow","max-snippet":"max-snippet:-1","max-image-preview":"max-image-preview:large","max-video-preview":"max-video-preview:-1"},"og_locale":"fr_FR","og_type":"article","og_title":"Salon de l\u2019Habitat \u2013 4 questions \u00e0 Philippe VIGNERON - Itineris Building - Promoteur","og_description":"Quatre questions \u00e0 : Philippe Vigneron. Pr\u00e9sident r\u00e9gional de la F\u00e9d\u00e9ration des Promoteurs Immobiliers.","og_url":"https:\/\/preprod.itineris-building.fr\/promoteur\/salon-habitat-4-questions-philippe-vigneron\/","og_site_name":"Itineris Building - Promoteur","article_published_time":"2020-01-16T14:01:09+00:00","article_modified_time":"2021-01-14T09:34:59+00:00","og_image":[{"width":100,"height":55,"url":"https:\/\/preprod.itineris-building.fr\/promoteur\/wp-content\/uploads\/2020\/01\/Vignet-28022012.jpg","type":"image\/jpeg"}],"author":"admin_blizz","twitter_card":"summary_large_image","twitter_misc":{"\u00c9crit par":"admin_blizz"},"schema":{"@context":"https:\/\/schema.org","@graph":[{"@type":"Article","@id":"https:\/\/preprod.itineris-building.fr\/promoteur\/salon-habitat-4-questions-philippe-vigneron\/#article","isPartOf":{"@id":"https:\/\/preprod.itineris-building.fr\/promoteur\/salon-habitat-4-questions-philippe-vigneron\/"},"author":{"name":"admin_blizz","@id":"https:\/\/preprod.itineris-building.fr\/promoteur\/#\/schema\/person\/1f8b07064ed3b6d358644d316c750a78"},"headline":"Salon de l\u2019Habitat \u2013 4 questions \u00e0 Philippe VIGNERON","datePublished":"2020-01-16T14:01:09+00:00","dateModified":"2021-01-14T09:34:59+00:00","mainEntityOfPage":{"@id":"https:\/\/preprod.itineris-building.fr\/promoteur\/salon-habitat-4-questions-philippe-vigneron\/"},"wordCount":22,"image":{"@id":"https:\/\/preprod.itineris-building.fr\/promoteur\/salon-habitat-4-questions-philippe-vigneron\/#primaryimage"},"thumbnailUrl":"https:\/\/preprod.itineris-building.fr\/promoteur\/wp-content\/uploads\/2020\/01\/Vignet-28022012.jpg","articleSection":["Immobilier"],"inLanguage":"fr-FR"},{"@type":"WebPage","@id":"https:\/\/preprod.itineris-building.fr\/promoteur\/salon-habitat-4-questions-philippe-vigneron\/","url":"https:\/\/preprod.itineris-building.fr\/promoteur\/salon-habitat-4-questions-philippe-vigneron\/","name":"Salon de l\u2019Habitat \u2013 4 questions \u00e0 Philippe VIGNERON - Itineris Building - Promoteur","isPartOf":{"@id":"https:\/\/preprod.itineris-building.fr\/promoteur\/#website"},"primaryImageOfPage":{"@id":"https:\/\/preprod.itineris-building.fr\/promoteur\/salon-habitat-4-questions-philippe-vigneron\/#primaryimage"},"image":{"@id":"https:\/\/preprod.itineris-building.fr\/promoteur\/salon-habitat-4-questions-philippe-vigneron\/#primaryimage"},"thumbnailUrl":"https:\/\/preprod.itineris-building.fr\/promoteur\/wp-content\/uploads\/2020\/01\/Vignet-28022012.jpg","datePublished":"2020-01-16T14:01:09+00:00","dateModified":"2021-01-14T09:34:59+00:00","author":{"@id":"https:\/\/preprod.itineris-building.fr\/promoteur\/#\/schema\/person\/1f8b07064ed3b6d358644d316c750a78"},"description":"Quatre questions \u00e0 : Philippe Vigneron. Pr\u00e9sident r\u00e9gional de la F\u00e9d\u00e9ration des Promoteurs Immobiliers.","inLanguage":"fr-FR","potentialAction":[{"@type":"ReadAction","target":["https:\/\/preprod.itineris-building.fr\/promoteur\/salon-habitat-4-questions-philippe-vigneron\/"]}]},{"@type":"ImageObject","inLanguage":"fr-FR","@id":"https:\/\/preprod.itineris-building.fr\/promoteur\/salon-habitat-4-questions-philippe-vigneron\/#primaryimage","url":"https:\/\/preprod.itineris-building.fr\/promoteur\/wp-content\/uploads\/2020\/01\/Vignet-28022012.jpg","contentUrl":"https:\/\/preprod.itineris-building.fr\/promoteur\/wp-content\/uploads\/2020\/01\/Vignet-28022012.jpg","width":100,"height":55,"caption":"Salon de l\u2019Habitat \u2013 4 questions \u00e0 Philippe VIGNERON"},{"@type":"WebSite","@id":"https:\/\/preprod.itineris-building.fr\/promoteur\/#website","url":"https:\/\/preprod.itineris-building.fr\/promoteur\/","name":"Itineris Building - Promoteur","description":"Un site utilisant WordPress","potentialAction":[{"@type":"SearchAction","target":{"@type":"EntryPoint","urlTemplate":"https:\/\/preprod.itineris-building.fr\/promoteur\/?s={search_term_string}"},"query-input":{"@type":"PropertyValueSpecification","valueRequired":true,"valueName":"search_term_string"}}],"inLanguage":"fr-FR"},{"@type":"Person","@id":"https:\/\/preprod.itineris-building.fr\/promoteur\/#\/schema\/person\/1f8b07064ed3b6d358644d316c750a78","name":"admin_blizz","image":{"@type":"ImageObject","inLanguage":"fr-FR","@id":"https:\/\/secure.gravatar.com\/avatar\/4e75ec81c72ecdd95e6a67c2539ab7c4d4e13ff118be5587fff822588604d1eb?s=96&d=mm&r=g","url":"https:\/\/secure.gravatar.com\/avatar\/4e75ec81c72ecdd95e6a67c2539ab7c4d4e13ff118be5587fff822588604d1eb?s=96&d=mm&r=g","contentUrl":"https:\/\/secure.gravatar.com\/avatar\/4e75ec81c72ecdd95e6a67c2539ab7c4d4e13ff118be5587fff822588604d1eb?s=96&d=mm&r=g","caption":"admin_blizz"},"url":"https:\/\/preprod.itineris-building.fr\/promoteur\/author\/admin_blizz\/"}]}},"_links":{"self":[{"href":"https:\/\/preprod.itineris-building.fr\/promoteur\/wp-json\/wp\/v2\/posts\/31779","targetHints":{"allow":["GET"]}}],"collection":[{"href":"https:\/\/preprod.itineris-building.fr\/promoteur\/wp-json\/wp\/v2\/posts"}],"about":[{"href":"https:\/\/preprod.itineris-building.fr\/promoteur\/wp-json\/wp\/v2\/types\/post"}],"author":[{"embeddable":true,"href":"https:\/\/preprod.itineris-building.fr\/promoteur\/wp-json\/wp\/v2\/users\/1"}],"replies":[{"embeddable":true,"href":"https:\/\/preprod.itineris-building.fr\/promoteur\/wp-json\/wp\/v2\/comments?post=31779"}],"version-history":[{"count":1,"href":"https:\/\/preprod.itineris-building.fr\/promoteur\/wp-json\/wp\/v2\/posts\/31779\/revisions"}],"predecessor-version":[{"id":31784,"href":"https:\/\/preprod.itineris-building.fr\/promoteur\/wp-json\/wp\/v2\/posts\/31779\/revisions\/31784"}],"wp:featuredmedia":[{"embeddable":true,"href":"https:\/\/preprod.itineris-building.fr\/promoteur\/wp-json\/wp\/v2\/media\/31783"}],"wp:attachment":[{"href":"https:\/\/preprod.itineris-building.fr\/promoteur\/wp-json\/wp\/v2\/media?parent=31779"}],"wp:term":[{"taxonomy":"category","embeddable":true,"href":"https:\/\/preprod.itineris-building.fr\/promoteur\/wp-json\/wp\/v2\/categories?post=31779"},{"taxonomy":"post_tag","embeddable":true,"href":"https:\/\/preprod.itineris-building.fr\/promoteur\/wp-json\/wp\/v2\/tags?post=31779"}],"curies":[{"name":"wp","href":"https:\/\/api.w.org\/{rel}","templated":true}]}}