{"id":31727,"date":"2020-01-16T11:50:58","date_gmt":"2020-01-16T10:50:58","guid":{"rendered":"https:\/\/preprod.itineris-building.fr\/promoteur\/?p=31727"},"modified":"2021-01-14T10:35:39","modified_gmt":"2021-01-14T09:35:39","slug":"le-marche-des-promoteurs-essouffle","status":"publish","type":"post","link":"https:\/\/preprod.itineris-building.fr\/promoteur\/le-marche-des-promoteurs-essouffle\/","title":{"rendered":"Le march\u00e9 des promoteurs s\u2019essouffle"},"content":{"rendered":"\n<p class=\"wp-block-paragraph\"> <em>(La Montagne du 14\/05\/2011)<\/em> <\/p>\n\n\n<p>T\u00e9l\u00e9charger l&rsquo;article : <a href=\"https:\/\/preprod.itineris-building.fr\/promoteur\/wp-content\/uploads\/2020\/01\/texte-lm160511.pdf\" target=\"_blank\" rel=\"noopener noreferrer\">Le march\u00e9 des promoteurs s\u2019essouffle<\/a><\/p>\n\n\n<p class=\"wp-block-paragraph\"><\/p>\n","protected":false},"excerpt":{"rendered":"<p>(La Montagne du 14\/05\/2011) T\u00e9l\u00e9charger l&rsquo;article : Le march\u00e9 des promoteurs s\u2019essouffle<\/p>\n","protected":false},"author":1,"featured_media":31729,"comment_status":"closed","ping_status":"open","sticky":false,"template":"","format":"standard","meta":{"footnotes":""},"categories":[577],"tags":[],"class_list":["post-31727","post","type-post","status-publish","format-standard","has-post-thumbnail","hentry","category-auvergne"],"yoast_head":"<!-- This site is optimized with the Yoast SEO plugin v28.1 - https:\/\/yoast.com\/product\/yoast-seo-wordpress\/ -->\n<title>Le march\u00e9 des promoteurs s\u2019essouffle - Itineris Building - Promoteur<\/title>\n<meta name=\"description\" content=\"Cr\u00e9\u00e9e \u00e0 l&#039;initiative de la F\u00e9d\u00e9ration des Promoteurs Immobiliers (FPI Auvergne), l&#039;association L&#039;OEil a pour missions la cr\u00e9ation, la gestion et l&#039;animation d&#039;un observatoire des march\u00e9s immobiliers de la r\u00e9gion Auvergne.\" \/>\n<meta name=\"robots\" content=\"noindex, follow, max-snippet:-1, max-image-preview:large, max-video-preview:-1\" \/>\n<meta property=\"og:locale\" content=\"fr_FR\" \/>\n<meta property=\"og:type\" content=\"article\" \/>\n<meta property=\"og:title\" content=\"Le march\u00e9 des promoteurs s\u2019essouffle - Itineris Building - Promoteur\" \/>\n<meta property=\"og:description\" content=\"Cr\u00e9\u00e9e \u00e0 l&#039;initiative de la F\u00e9d\u00e9ration des Promoteurs Immobiliers (FPI Auvergne), l&#039;association L&#039;OEil a pour missions la cr\u00e9ation, la gestion et l&#039;animation d&#039;un observatoire des march\u00e9s immobiliers de la r\u00e9gion Auvergne.\" \/>\n<meta property=\"og:url\" content=\"https:\/\/preprod.itineris-building.fr\/promoteur\/le-marche-des-promoteurs-essouffle\/\" \/>\n<meta property=\"og:site_name\" content=\"Itineris Building - Promoteur\" \/>\n<meta property=\"article:published_time\" content=\"2020-01-16T10:50:58+00:00\" \/>\n<meta property=\"article:modified_time\" content=\"2021-01-14T09:35:39+00:00\" \/>\n<meta property=\"og:image\" content=\"https:\/\/preprod.itineris-building.fr\/promoteur\/wp-content\/uploads\/2020\/01\/lm140512.jpg\" \/>\n\t<meta property=\"og:image:width\" content=\"300\" \/>\n\t<meta property=\"og:image:height\" content=\"227\" \/>\n\t<meta property=\"og:image:type\" content=\"image\/jpeg\" \/>\n<meta name=\"author\" content=\"admin_blizz\" \/>\n<meta name=\"twitter:card\" content=\"summary_large_image\" \/>\n<meta name=\"twitter:label1\" content=\"\u00c9crit par\" \/>\n\t<meta name=\"twitter:data1\" content=\"admin_blizz\" \/>\n<script type=\"application\/ld+json\" class=\"yoast-schema-graph\">{\"@context\":\"https:\\\/\\\/schema.org\",\"@graph\":[{\"@type\":\"Article\",\"@id\":\"https:\\\/\\\/preprod.itineris-building.fr\\\/promoteur\\\/le-marche-des-promoteurs-essouffle\\\/#article\",\"isPartOf\":{\"@id\":\"https:\\\/\\\/preprod.itineris-building.fr\\\/promoteur\\\/le-marche-des-promoteurs-essouffle\\\/\"},\"author\":{\"name\":\"admin_blizz\",\"@id\":\"https:\\\/\\\/preprod.itineris-building.fr\\\/promoteur\\\/#\\\/schema\\\/person\\\/1f8b07064ed3b6d358644d316c750a78\"},\"headline\":\"Le march\u00e9 des promoteurs s\u2019essouffle\",\"datePublished\":\"2020-01-16T10:50:58+00:00\",\"dateModified\":\"2021-01-14T09:35:39+00:00\",\"mainEntityOfPage\":{\"@id\":\"https:\\\/\\\/preprod.itineris-building.fr\\\/promoteur\\\/le-marche-des-promoteurs-essouffle\\\/\"},\"wordCount\":20,\"image\":{\"@id\":\"https:\\\/\\\/preprod.itineris-building.fr\\\/promoteur\\\/le-marche-des-promoteurs-essouffle\\\/#primaryimage\"},\"thumbnailUrl\":\"https:\\\/\\\/preprod.itineris-building.fr\\\/promoteur\\\/wp-content\\\/uploads\\\/2020\\\/01\\\/lm140512.jpg\",\"articleSection\":[\"Auvergne\"],\"inLanguage\":\"fr-FR\"},{\"@type\":\"WebPage\",\"@id\":\"https:\\\/\\\/preprod.itineris-building.fr\\\/promoteur\\\/le-marche-des-promoteurs-essouffle\\\/\",\"url\":\"https:\\\/\\\/preprod.itineris-building.fr\\\/promoteur\\\/le-marche-des-promoteurs-essouffle\\\/\",\"name\":\"Le march\u00e9 des promoteurs s\u2019essouffle - Itineris Building - Promoteur\",\"isPartOf\":{\"@id\":\"https:\\\/\\\/preprod.itineris-building.fr\\\/promoteur\\\/#website\"},\"primaryImageOfPage\":{\"@id\":\"https:\\\/\\\/preprod.itineris-building.fr\\\/promoteur\\\/le-marche-des-promoteurs-essouffle\\\/#primaryimage\"},\"image\":{\"@id\":\"https:\\\/\\\/preprod.itineris-building.fr\\\/promoteur\\\/le-marche-des-promoteurs-essouffle\\\/#primaryimage\"},\"thumbnailUrl\":\"https:\\\/\\\/preprod.itineris-building.fr\\\/promoteur\\\/wp-content\\\/uploads\\\/2020\\\/01\\\/lm140512.jpg\",\"datePublished\":\"2020-01-16T10:50:58+00:00\",\"dateModified\":\"2021-01-14T09:35:39+00:00\",\"author\":{\"@id\":\"https:\\\/\\\/preprod.itineris-building.fr\\\/promoteur\\\/#\\\/schema\\\/person\\\/1f8b07064ed3b6d358644d316c750a78\"},\"description\":\"Cr\u00e9\u00e9e \u00e0 l'initiative de la F\u00e9d\u00e9ration des Promoteurs Immobiliers (FPI Auvergne), l'association L'OEil a pour missions la cr\u00e9ation, la gestion et l'animation d'un observatoire des march\u00e9s immobiliers de la r\u00e9gion Auvergne.\",\"inLanguage\":\"fr-FR\",\"potentialAction\":[{\"@type\":\"ReadAction\",\"target\":[\"https:\\\/\\\/preprod.itineris-building.fr\\\/promoteur\\\/le-marche-des-promoteurs-essouffle\\\/\"]}]},{\"@type\":\"ImageObject\",\"inLanguage\":\"fr-FR\",\"@id\":\"https:\\\/\\\/preprod.itineris-building.fr\\\/promoteur\\\/le-marche-des-promoteurs-essouffle\\\/#primaryimage\",\"url\":\"https:\\\/\\\/preprod.itineris-building.fr\\\/promoteur\\\/wp-content\\\/uploads\\\/2020\\\/01\\\/lm140512.jpg\",\"contentUrl\":\"https:\\\/\\\/preprod.itineris-building.fr\\\/promoteur\\\/wp-content\\\/uploads\\\/2020\\\/01\\\/lm140512.jpg\",\"width\":300,\"height\":227,\"caption\":\"Le march\u00e9 des promoteurs s\u2019essouffle\"},{\"@type\":\"WebSite\",\"@id\":\"https:\\\/\\\/preprod.itineris-building.fr\\\/promoteur\\\/#website\",\"url\":\"https:\\\/\\\/preprod.itineris-building.fr\\\/promoteur\\\/\",\"name\":\"Itineris Building - Promoteur\",\"description\":\"Un site utilisant WordPress\",\"potentialAction\":[{\"@type\":\"SearchAction\",\"target\":{\"@type\":\"EntryPoint\",\"urlTemplate\":\"https:\\\/\\\/preprod.itineris-building.fr\\\/promoteur\\\/?s={search_term_string}\"},\"query-input\":{\"@type\":\"PropertyValueSpecification\",\"valueRequired\":true,\"valueName\":\"search_term_string\"}}],\"inLanguage\":\"fr-FR\"},{\"@type\":\"Person\",\"@id\":\"https:\\\/\\\/preprod.itineris-building.fr\\\/promoteur\\\/#\\\/schema\\\/person\\\/1f8b07064ed3b6d358644d316c750a78\",\"name\":\"admin_blizz\",\"image\":{\"@type\":\"ImageObject\",\"inLanguage\":\"fr-FR\",\"@id\":\"https:\\\/\\\/secure.gravatar.com\\\/avatar\\\/4e75ec81c72ecdd95e6a67c2539ab7c4d4e13ff118be5587fff822588604d1eb?s=96&d=mm&r=g\",\"url\":\"https:\\\/\\\/secure.gravatar.com\\\/avatar\\\/4e75ec81c72ecdd95e6a67c2539ab7c4d4e13ff118be5587fff822588604d1eb?s=96&d=mm&r=g\",\"contentUrl\":\"https:\\\/\\\/secure.gravatar.com\\\/avatar\\\/4e75ec81c72ecdd95e6a67c2539ab7c4d4e13ff118be5587fff822588604d1eb?s=96&d=mm&r=g\",\"caption\":\"admin_blizz\"},\"url\":\"https:\\\/\\\/preprod.itineris-building.fr\\\/promoteur\\\/author\\\/admin_blizz\\\/\"}]}<\/script>\n<!-- \/ Yoast SEO plugin. -->","yoast_head_json":{"title":"Le march\u00e9 des promoteurs s\u2019essouffle - Itineris Building - Promoteur","description":"Cr\u00e9\u00e9e \u00e0 l'initiative de la F\u00e9d\u00e9ration des Promoteurs Immobiliers (FPI Auvergne), l'association L'OEil a pour missions la cr\u00e9ation, la gestion et l'animation d'un observatoire des march\u00e9s immobiliers de la r\u00e9gion Auvergne.","robots":{"index":"noindex","follow":"follow","max-snippet":"max-snippet:-1","max-image-preview":"max-image-preview:large","max-video-preview":"max-video-preview:-1"},"og_locale":"fr_FR","og_type":"article","og_title":"Le march\u00e9 des promoteurs s\u2019essouffle - Itineris Building - Promoteur","og_description":"Cr\u00e9\u00e9e \u00e0 l'initiative de la F\u00e9d\u00e9ration des Promoteurs Immobiliers (FPI Auvergne), l'association L'OEil a pour missions la cr\u00e9ation, la gestion et l'animation d'un observatoire des march\u00e9s immobiliers de la r\u00e9gion Auvergne.","og_url":"https:\/\/preprod.itineris-building.fr\/promoteur\/le-marche-des-promoteurs-essouffle\/","og_site_name":"Itineris Building - Promoteur","article_published_time":"2020-01-16T10:50:58+00:00","article_modified_time":"2021-01-14T09:35:39+00:00","og_image":[{"width":300,"height":227,"url":"https:\/\/preprod.itineris-building.fr\/promoteur\/wp-content\/uploads\/2020\/01\/lm140512.jpg","type":"image\/jpeg"}],"author":"admin_blizz","twitter_card":"summary_large_image","twitter_misc":{"\u00c9crit par":"admin_blizz"},"schema":{"@context":"https:\/\/schema.org","@graph":[{"@type":"Article","@id":"https:\/\/preprod.itineris-building.fr\/promoteur\/le-marche-des-promoteurs-essouffle\/#article","isPartOf":{"@id":"https:\/\/preprod.itineris-building.fr\/promoteur\/le-marche-des-promoteurs-essouffle\/"},"author":{"name":"admin_blizz","@id":"https:\/\/preprod.itineris-building.fr\/promoteur\/#\/schema\/person\/1f8b07064ed3b6d358644d316c750a78"},"headline":"Le march\u00e9 des promoteurs s\u2019essouffle","datePublished":"2020-01-16T10:50:58+00:00","dateModified":"2021-01-14T09:35:39+00:00","mainEntityOfPage":{"@id":"https:\/\/preprod.itineris-building.fr\/promoteur\/le-marche-des-promoteurs-essouffle\/"},"wordCount":20,"image":{"@id":"https:\/\/preprod.itineris-building.fr\/promoteur\/le-marche-des-promoteurs-essouffle\/#primaryimage"},"thumbnailUrl":"https:\/\/preprod.itineris-building.fr\/promoteur\/wp-content\/uploads\/2020\/01\/lm140512.jpg","articleSection":["Auvergne"],"inLanguage":"fr-FR"},{"@type":"WebPage","@id":"https:\/\/preprod.itineris-building.fr\/promoteur\/le-marche-des-promoteurs-essouffle\/","url":"https:\/\/preprod.itineris-building.fr\/promoteur\/le-marche-des-promoteurs-essouffle\/","name":"Le march\u00e9 des promoteurs s\u2019essouffle - Itineris Building - Promoteur","isPartOf":{"@id":"https:\/\/preprod.itineris-building.fr\/promoteur\/#website"},"primaryImageOfPage":{"@id":"https:\/\/preprod.itineris-building.fr\/promoteur\/le-marche-des-promoteurs-essouffle\/#primaryimage"},"image":{"@id":"https:\/\/preprod.itineris-building.fr\/promoteur\/le-marche-des-promoteurs-essouffle\/#primaryimage"},"thumbnailUrl":"https:\/\/preprod.itineris-building.fr\/promoteur\/wp-content\/uploads\/2020\/01\/lm140512.jpg","datePublished":"2020-01-16T10:50:58+00:00","dateModified":"2021-01-14T09:35:39+00:00","author":{"@id":"https:\/\/preprod.itineris-building.fr\/promoteur\/#\/schema\/person\/1f8b07064ed3b6d358644d316c750a78"},"description":"Cr\u00e9\u00e9e \u00e0 l'initiative de la F\u00e9d\u00e9ration des Promoteurs Immobiliers (FPI Auvergne), l'association L'OEil a pour missions la cr\u00e9ation, la gestion et l'animation d'un observatoire des march\u00e9s immobiliers de la r\u00e9gion Auvergne.","inLanguage":"fr-FR","potentialAction":[{"@type":"ReadAction","target":["https:\/\/preprod.itineris-building.fr\/promoteur\/le-marche-des-promoteurs-essouffle\/"]}]},{"@type":"ImageObject","inLanguage":"fr-FR","@id":"https:\/\/preprod.itineris-building.fr\/promoteur\/le-marche-des-promoteurs-essouffle\/#primaryimage","url":"https:\/\/preprod.itineris-building.fr\/promoteur\/wp-content\/uploads\/2020\/01\/lm140512.jpg","contentUrl":"https:\/\/preprod.itineris-building.fr\/promoteur\/wp-content\/uploads\/2020\/01\/lm140512.jpg","width":300,"height":227,"caption":"Le march\u00e9 des promoteurs s\u2019essouffle"},{"@type":"WebSite","@id":"https:\/\/preprod.itineris-building.fr\/promoteur\/#website","url":"https:\/\/preprod.itineris-building.fr\/promoteur\/","name":"Itineris Building - Promoteur","description":"Un site utilisant WordPress","potentialAction":[{"@type":"SearchAction","target":{"@type":"EntryPoint","urlTemplate":"https:\/\/preprod.itineris-building.fr\/promoteur\/?s={search_term_string}"},"query-input":{"@type":"PropertyValueSpecification","valueRequired":true,"valueName":"search_term_string"}}],"inLanguage":"fr-FR"},{"@type":"Person","@id":"https:\/\/preprod.itineris-building.fr\/promoteur\/#\/schema\/person\/1f8b07064ed3b6d358644d316c750a78","name":"admin_blizz","image":{"@type":"ImageObject","inLanguage":"fr-FR","@id":"https:\/\/secure.gravatar.com\/avatar\/4e75ec81c72ecdd95e6a67c2539ab7c4d4e13ff118be5587fff822588604d1eb?s=96&d=mm&r=g","url":"https:\/\/secure.gravatar.com\/avatar\/4e75ec81c72ecdd95e6a67c2539ab7c4d4e13ff118be5587fff822588604d1eb?s=96&d=mm&r=g","contentUrl":"https:\/\/secure.gravatar.com\/avatar\/4e75ec81c72ecdd95e6a67c2539ab7c4d4e13ff118be5587fff822588604d1eb?s=96&d=mm&r=g","caption":"admin_blizz"},"url":"https:\/\/preprod.itineris-building.fr\/promoteur\/author\/admin_blizz\/"}]}},"_links":{"self":[{"href":"https:\/\/preprod.itineris-building.fr\/promoteur\/wp-json\/wp\/v2\/posts\/31727","targetHints":{"allow":["GET"]}}],"collection":[{"href":"https:\/\/preprod.itineris-building.fr\/promoteur\/wp-json\/wp\/v2\/posts"}],"about":[{"href":"https:\/\/preprod.itineris-building.fr\/promoteur\/wp-json\/wp\/v2\/types\/post"}],"author":[{"embeddable":true,"href":"https:\/\/preprod.itineris-building.fr\/promoteur\/wp-json\/wp\/v2\/users\/1"}],"replies":[{"embeddable":true,"href":"https:\/\/preprod.itineris-building.fr\/promoteur\/wp-json\/wp\/v2\/comments?post=31727"}],"version-history":[{"count":1,"href":"https:\/\/preprod.itineris-building.fr\/promoteur\/wp-json\/wp\/v2\/posts\/31727\/revisions"}],"predecessor-version":[{"id":31730,"href":"https:\/\/preprod.itineris-building.fr\/promoteur\/wp-json\/wp\/v2\/posts\/31727\/revisions\/31730"}],"wp:featuredmedia":[{"embeddable":true,"href":"https:\/\/preprod.itineris-building.fr\/promoteur\/wp-json\/wp\/v2\/media\/31729"}],"wp:attachment":[{"href":"https:\/\/preprod.itineris-building.fr\/promoteur\/wp-json\/wp\/v2\/media?parent=31727"}],"wp:term":[{"taxonomy":"category","embeddable":true,"href":"https:\/\/preprod.itineris-building.fr\/promoteur\/wp-json\/wp\/v2\/categories?post=31727"},{"taxonomy":"post_tag","embeddable":true,"href":"https:\/\/preprod.itineris-building.fr\/promoteur\/wp-json\/wp\/v2\/tags?post=31727"}],"curies":[{"name":"wp","href":"https:\/\/api.w.org\/{rel}","templated":true}]}}